{"id":1286,"date":"2021-09-11T11:00:00","date_gmt":"2021-09-11T17:00:00","guid":{"rendered":"http:\/\/municipiomugica.com\/?p=1286"},"modified":"2022-01-17T21:09:20","modified_gmt":"2022-01-18T03:09:20","slug":"inicia-programa-guardianes-de-la-salud","status":"publish","type":"post","link":"https:\/\/municipiomugica.com\/index.php\/2021\/09\/11\/inicia-programa-guardianes-de-la-salud\/","title":{"rendered":"Inicia programa Guardianes de la Salud."},"content":{"rendered":"\n<p class=\"has-text-align-left\">Para disminuir los \u00edndices del COVID-19 entre la poblaci\u00f3n de M\u00fagica, que es trasmitida por los medios ya conocidos, el presidente municipal de M\u00fagica dio el banderazo de inicio del programa Guardianes de la Salud en fomento y vigilancia sanitaria contra el COVID-19.<\/p>\n\n\n\n<p class=\"has-text-align-left\">El H. Ayuntamiento en coordinaci\u00f3n con la Guardia Nacional, Seguridad P\u00fablica y la Jurisdicci\u00f3n #7 en un acto realizado desde el palacio municipal formalizo las acciones a seguir en los pr\u00f3ximos d\u00edas y pidiendo el apoyo de todos los ciudadanos para la contenci\u00f3n, dio el siguiente mensaje.<\/p>\n\n\n\n<p class=\"has-text-align-left\">No se trata de causar molestias a la ciudadan\u00eda, sino solo contener el avance y erradicar el COVID-19 de nuestro municipio. Las autoridades sanitarias nos dicen que la intenci\u00f3n es recordar y reforzar las medidas sanitarias como son el lavado de manos, uso del cubrebocas, mantener la sana distancia y la aplicaci\u00f3n del gel antibacterial.<\/p>\n\n\n\n<p class=\"has-text-align-left\">#TransformandoUnM\u00fagicaSaludable<\/p>\n\n\n\n<figure class=\"wp-block-gallery columns-3 is-cropped wp-block-gallery-1 is-layout-flex wp-block-gallery-is-layout-flex\"><ul class=\"blocks-gallery-grid\"><li class=\"blocks-gallery-item\"><figure><img loading=\"lazy\" decoding=\"async\" width=\"1024\" height=\"512\" src=\"http:\/\/municipiomugica.com\/wp-content\/uploads\/2022\/01\/10-1-1024x512.jpg\" alt=\"\" data-id=\"1287\" data-full-url=\"http:\/\/municipiomugica.com\/wp-content\/uploads\/2022\/01\/10-1-scaled.jpg\" data-link=\"http:\/\/municipiomugica.com\/?attachment_id=1287\" class=\"wp-image-1287\" srcset=\"https:\/\/municipiomugica.com\/wp-content\/uploads\/2022\/01\/10-1-1024x512.jpg 1024w, https:\/\/municipiomugica.com\/wp-content\/uploads\/2022\/01\/10-1-300x150.jpg 300w, https:\/\/municipiomugica.com\/wp-content\/uploads\/2022\/01\/10-1-768x384.jpg 768w, https:\/\/municipiomugica.com\/wp-content\/uploads\/2022\/01\/10-1-1536x768.jpg 1536w, https:\/\/municipiomugica.com\/wp-content\/uploads\/2022\/01\/10-1-2048x1024.jpg 2048w\" sizes=\"auto, (max-width: 1024px) 100vw, 1024px\" \/><\/figure><\/li><li class=\"blocks-gallery-item\"><figure><img loading=\"lazy\" decoding=\"async\" width=\"1024\" height=\"892\" src=\"http:\/\/municipiomugica.com\/wp-content\/uploads\/2022\/01\/11-1-1024x892.jpg\" alt=\"\" data-id=\"1288\" data-full-url=\"http:\/\/municipiomugica.com\/wp-content\/uploads\/2022\/01\/11-1.jpg\" data-link=\"http:\/\/municipiomugica.com\/?attachment_id=1288\" class=\"wp-image-1288\" srcset=\"https:\/\/municipiomugica.com\/wp-content\/uploads\/2022\/01\/11-1-1024x892.jpg 1024w, https:\/\/municipiomugica.com\/wp-content\/uploads\/2022\/01\/11-1-300x261.jpg 300w, https:\/\/municipiomugica.com\/wp-content\/uploads\/2022\/01\/11-1-768x669.jpg 768w, https:\/\/municipiomugica.com\/wp-content\/uploads\/2022\/01\/11-1-1536x1337.jpg 1536w, https:\/\/municipiomugica.com\/wp-content\/uploads\/2022\/01\/11-1-2048x1783.jpg 2048w\" sizes=\"auto, (max-width: 1024px) 100vw, 1024px\" \/><\/figure><\/li><li class=\"blocks-gallery-item\"><figure><img loading=\"lazy\" decoding=\"async\" width=\"1024\" height=\"828\" src=\"http:\/\/municipiomugica.com\/wp-content\/uploads\/2022\/01\/12-1024x828.jpg\" alt=\"\" data-id=\"1289\" data-full-url=\"http:\/\/municipiomugica.com\/wp-content\/uploads\/2022\/01\/12-scaled.jpg\" data-link=\"http:\/\/municipiomugica.com\/?attachment_id=1289\" class=\"wp-image-1289\" srcset=\"https:\/\/municipiomugica.com\/wp-content\/uploads\/2022\/01\/12-1024x828.jpg 1024w, https:\/\/municipiomugica.com\/wp-content\/uploads\/2022\/01\/12-300x243.jpg 300w, https:\/\/municipiomugica.com\/wp-content\/uploads\/2022\/01\/12-768x621.jpg 768w, https:\/\/municipiomugica.com\/wp-content\/uploads\/2022\/01\/12-1536x1243.jpg 1536w, https:\/\/municipiomugica.com\/wp-content\/uploads\/2022\/01\/12-2048x1657.jpg 2048w\" sizes=\"auto, (max-width: 1024px) 100vw, 1024px\" \/><\/figure><\/li><\/ul><\/figure>\n","protected":false},"excerpt":{"rendered":"<p>Para disminuir los \u00edndices del COVID-19 entre la poblaci\u00f3n de M\u00fagica, que es trasmitida por los medios ya conocidos, el presidente municipal de M\u00fagica dio el banderazo de inicio del &#8230;<\/p>\n","protected":false},"author":2,"featured_media":1289,"comment_status":"open","ping_status":"open","sticky":false,"template":"","format":"standard","meta":{"om_disable_all_campaigns":false,"footnotes":""},"categories":[4],"tags":[11,15],"class_list":["post-1286","post","type-post","status-publish","format-standard","has-post-thumbnail","hentry","category-noticias","tag-covid-19","tag-guardianes-de-la-salud"],"aioseo_notices":[],"_links":{"self":[{"href":"https:\/\/municipiomugica.com\/index.php\/wp-json\/wp\/v2\/posts\/1286","targetHints":{"allow":["GET"]}}],"collection":[{"href":"https:\/\/municipiomugica.com\/index.php\/wp-json\/wp\/v2\/posts"}],"about":[{"href":"https:\/\/municipiomugica.com\/index.php\/wp-json\/wp\/v2\/types\/post"}],"author":[{"embeddable":true,"href":"https:\/\/municipiomugica.com\/index.php\/wp-json\/wp\/v2\/users\/2"}],"replies":[{"embeddable":true,"href":"https:\/\/municipiomugica.com\/index.php\/wp-json\/wp\/v2\/comments?post=1286"}],"version-history":[{"count":1,"href":"https:\/\/municipiomugica.com\/index.php\/wp-json\/wp\/v2\/posts\/1286\/revisions"}],"predecessor-version":[{"id":1290,"href":"https:\/\/municipiomugica.com\/index.php\/wp-json\/wp\/v2\/posts\/1286\/revisions\/1290"}],"wp:featuredmedia":[{"embeddable":true,"href":"https:\/\/municipiomugica.com\/index.php\/wp-json\/wp\/v2\/media\/1289"}],"wp:attachment":[{"href":"https:\/\/municipiomugica.com\/index.php\/wp-json\/wp\/v2\/media?parent=1286"}],"wp:term":[{"taxonomy":"category","embeddable":true,"href":"https:\/\/municipiomugica.com\/index.php\/wp-json\/wp\/v2\/categories?post=1286"},{"taxonomy":"post_tag","embeddable":true,"href":"https:\/\/municipiomugica.com\/index.php\/wp-json\/wp\/v2\/tags?post=1286"}],"curies":[{"name":"wp","href":"https:\/\/api.w.org\/{rel}","templated":true}]}}